{"id":567,"date":"2019-08-26T10:00:53","date_gmt":"2019-08-26T08:00:53","guid":{"rendered":"https:\/\/www.grootzevert.nl\/news\/overname-groot-zevert\/"},"modified":"2021-12-23T13:42:12","modified_gmt":"2021-12-23T12:42:12","slug":"uebernahme-von-groot-zevert","status":"publish","type":"post","link":"https:\/\/www.grootzevert.nl\/de\/news\/uebernahme-von-groot-zevert\/","title":{"rendered":"\u00dcbernahme von Groot Zevert"},"content":{"rendered":"<h1><strong>\u00dcbernahme von Groot Zevert Internationaal Transport Eibergen zum 26.8. durch Hendrie Dijk und Jan Schuttert<\/strong><\/h1>\n<p>Wir, Matthy und Marijke Groot Zevert, sahen uns leider aus gesundheitlichen Gr\u00fcnden gezwungen, unser Transportunternehmen entweder zu beenden oder an einen neuen Eigent\u00fcmer zu \u00fcbertragen. In Hendrie Dijk und Jan Schuttert haben wir verl\u00e4ssliche Nachfolger gefunden, mit denen die Kontinuit\u00e4t des Unternehmens gew\u00e4hrleistet ist. Die neuen Eigent\u00fcmer werden von Hendrie Dijk in der Gesch\u00e4ftsf\u00fchrung vertreten werden.<\/p>\n<p>Groot Zevert Internationaal Transport ist ein fortschrittliches Unternehmen, das sich auf den hochwertigen Transport lebender Tiere spezialisiert hat. Dazu geh\u00f6ren unter anderem Ferkel, Schweine, Sauen, K\u00e4lber, K\u00fche und Schafe. Au\u00dferdem verf\u00fcgt es \u00fcber eine Sammelstelle f\u00fcr Rinder und einen zertifizierten Wasch- und Desinfektionsplatz.<\/p>\n<p>Die derzeitigen Mitarbeiter werden nach der \u00dcbernahme weiterbesch\u00e4ftigt. Die Planung bleibt unter der bekannten Telefonnummer erreichbar (Tel.:\u00a0+31 545 476726). Michel ten Have, der sich mit allen Einzelheiten des internationalen Transports von Groot Zevert genau auskennt, ist auch weiterhin als operativer Ansprechpartner f\u00fcr Auftraggeber und Gesch\u00e4ftspartner unter der Nummer +31 6 51536713 erreichbar. Auch die \u00fcbrigen Mitarbeiter behalten ihre derzeitigen Positionen. Selbstverst\u00e4ndlich bleiben die Rindersammelstelle und der Waschplatz am Standort Eibergen wie gewohnt verf\u00fcgbar.<\/p>\n<p>Au\u00dfer der bereits genannten Kontinuit\u00e4t f\u00fcr Groot Zevert Internationaal Transport bietet die \u00dcbergabe unseres Transportunternehmens an Dijk und Schuttert, die sich ihre Spuren haupts\u00e4chlich in der Schweinebranche verdient haben, gro\u00dfartige Perspektiven. Groot Zevert kennzeichnet sich durch eine unabh\u00e4ngige Position auf dem Markt. Seine Dienstleistungen werden von vielen Handelsbeteiligten, Schlachth\u00f6fen und privaten Tier- bzw. Schweinehaltern in Anspruch genommen. Diese bekannte unabh\u00e4ngige Haltung von Groot Zevert soll den neuen Eigent\u00fcmern zufolge nachdr\u00fccklich respektiert werden und die vertraute Basis f\u00fcr weiteres Wachstum und weitere Optimierung bleiben. Auch auf die anderen Aktivit\u00e4ten des Unternehmens wird sich dies positiv auswirken. Die Verf\u00fcgbarkeit von unabh\u00e4ngigem Transport in der N\u00e4he bietet zweifellos Perspektiven, zu deren Verwirklichung Groot Zevert gerne beitr\u00e4gt. Von den Synergievorteilen, die gr\u00f6\u00dfere Volumen, gemeinsamer Einkauf, die B\u00fcndelung von Reparatur und Wartung, das Kombinieren von Frachten und die sich daraus ergebende Verminderung von Leerkilometern bieten, werden die heutigen Gesch\u00e4ftspartner von Groot Zevert Internationaal Transport sicher mitprofitieren.<\/p>\n","protected":false},"excerpt":{"rendered":"<p>\u00dcbernahme von Groot Zevert Internationaal Transport Eibergen zum 26.8. durch Hendrie Dijk und Jan Schuttert Wir, Matthy und Marijke Groot Zevert, sahen uns leider aus gesundheitlichen Gr\u00fcnden gezwungen, unser Transportunternehmen entweder zu beenden oder an einen neuen Eigent\u00fcmer zu \u00fcbertragen. In Hendrie Dijk und Jan Schuttert haben wir verl\u00e4ssliche Nachfolger gefunden, mit denen die Kontinuit\u00e4t [&hellip;]<\/p>\n","protected":false},"author":3,"featured_media":0,"comment_status":"closed","ping_status":"closed","sticky":false,"template":"","format":"standard","meta":{"_acf_changed":false,"footnotes":""},"categories":[37,33],"tags":[],"class_list":["post-567","post","type-post","status-publish","format-standard","hentry","category-blog-de","category-news"],"acf":[],"yoast_head":"<!-- This site is optimized with the Yoast SEO plugin v27.4 - https:\/\/yoast.com\/product\/yoast-seo-wordpress\/ -->\n<title>\u00dcbernahme von Groot Zevert - Groot Zevert Livestock<\/title>\n<meta name=\"robots\" content=\"index, follow, max-snippet:-1, max-image-preview:large, max-video-preview:-1\" \/>\n<link rel=\"canonical\" href=\"https:\/\/www.grootzevert.nl\/de\/news\/uebernahme-von-groot-zevert\/\" \/>\n<meta property=\"og:locale\" content=\"de_DE\" \/>\n<meta property=\"og:type\" content=\"article\" \/>\n<meta property=\"og:title\" content=\"\u00dcbernahme von Groot Zevert - Groot Zevert Livestock\" \/>\n<meta property=\"og:description\" content=\"\u00dcbernahme von Groot Zevert Internationaal Transport Eibergen zum 26.8. durch Hendrie Dijk und Jan Schuttert Wir, Matthy und Marijke Groot Zevert, sahen uns leider aus gesundheitlichen Gr\u00fcnden gezwungen, unser Transportunternehmen entweder zu beenden oder an einen neuen Eigent\u00fcmer zu \u00fcbertragen. In Hendrie Dijk und Jan Schuttert haben wir verl\u00e4ssliche Nachfolger gefunden, mit denen die Kontinuit\u00e4t [&hellip;]\" \/>\n<meta property=\"og:url\" content=\"https:\/\/www.grootzevert.nl\/de\/news\/uebernahme-von-groot-zevert\/\" \/>\n<meta property=\"og:site_name\" content=\"Groot Zevert Livestock\" \/>\n<meta property=\"article:publisher\" content=\"https:\/\/www.facebook.com\/Groot-Zevert-Transport-159543224162510\/\" \/>\n<meta property=\"article:published_time\" content=\"2019-08-26T08:00:53+00:00\" \/>\n<meta property=\"article:modified_time\" content=\"2021-12-23T12:42:12+00:00\" \/>\n<meta name=\"author\" content=\"groot_zevert\" \/>\n<meta name=\"twitter:card\" content=\"summary_large_image\" \/>\n<meta name=\"twitter:label1\" content=\"Verfasst von\" \/>\n\t<meta name=\"twitter:data1\" content=\"groot_zevert\" \/>\n\t<meta name=\"twitter:label2\" content=\"Gesch\u00e4tzte Lesezeit\" \/>\n\t<meta name=\"twitter:data2\" content=\"2\u00a0Minuten\" \/>\n<script type=\"application\/ld+json\" class=\"yoast-schema-graph\">{\"@context\":\"https:\\\/\\\/schema.org\",\"@graph\":[{\"@type\":\"Article\",\"@id\":\"https:\\\/\\\/www.grootzevert.nl\\\/de\\\/news\\\/uebernahme-von-groot-zevert\\\/#article\",\"isPartOf\":{\"@id\":\"https:\\\/\\\/www.grootzevert.nl\\\/de\\\/news\\\/uebernahme-von-groot-zevert\\\/\"},\"author\":{\"name\":\"groot_zevert\",\"@id\":\"https:\\\/\\\/www.grootzevert.nl\\\/#\\\/schema\\\/person\\\/5423865e98cdddadaec1179030cbf925\"},\"headline\":\"\u00dcbernahme von Groot Zevert\",\"datePublished\":\"2019-08-26T08:00:53+00:00\",\"dateModified\":\"2021-12-23T12:42:12+00:00\",\"mainEntityOfPage\":{\"@id\":\"https:\\\/\\\/www.grootzevert.nl\\\/de\\\/news\\\/uebernahme-von-groot-zevert\\\/\"},\"wordCount\":374,\"articleSection\":[\"blog\",\"News\"],\"inLanguage\":\"de\"},{\"@type\":\"WebPage\",\"@id\":\"https:\\\/\\\/www.grootzevert.nl\\\/de\\\/news\\\/uebernahme-von-groot-zevert\\\/\",\"url\":\"https:\\\/\\\/www.grootzevert.nl\\\/de\\\/news\\\/uebernahme-von-groot-zevert\\\/\",\"name\":\"\u00dcbernahme von Groot Zevert - Groot Zevert Livestock\",\"isPartOf\":{\"@id\":\"https:\\\/\\\/www.grootzevert.nl\\\/#website\"},\"datePublished\":\"2019-08-26T08:00:53+00:00\",\"dateModified\":\"2021-12-23T12:42:12+00:00\",\"author\":{\"@id\":\"https:\\\/\\\/www.grootzevert.nl\\\/#\\\/schema\\\/person\\\/5423865e98cdddadaec1179030cbf925\"},\"breadcrumb\":{\"@id\":\"https:\\\/\\\/www.grootzevert.nl\\\/de\\\/news\\\/uebernahme-von-groot-zevert\\\/#breadcrumb\"},\"inLanguage\":\"de\",\"potentialAction\":[{\"@type\":\"ReadAction\",\"target\":[\"https:\\\/\\\/www.grootzevert.nl\\\/de\\\/news\\\/uebernahme-von-groot-zevert\\\/\"]}]},{\"@type\":\"BreadcrumbList\",\"@id\":\"https:\\\/\\\/www.grootzevert.nl\\\/de\\\/news\\\/uebernahme-von-groot-zevert\\\/#breadcrumb\",\"itemListElement\":[{\"@type\":\"ListItem\",\"position\":1,\"name\":\"Home\",\"item\":\"https:\\\/\\\/www.grootzevert.nl\\\/de\\\/\"},{\"@type\":\"ListItem\",\"position\":2,\"name\":\"\u00dcbernahme von Groot Zevert\"}]},{\"@type\":\"WebSite\",\"@id\":\"https:\\\/\\\/www.grootzevert.nl\\\/#website\",\"url\":\"https:\\\/\\\/www.grootzevert.nl\\\/\",\"name\":\"Groot Zevert Livestock\",\"description\":\"\",\"potentialAction\":[{\"@type\":\"SearchAction\",\"target\":{\"@type\":\"EntryPoint\",\"urlTemplate\":\"https:\\\/\\\/www.grootzevert.nl\\\/?s={search_term_string}\"},\"query-input\":{\"@type\":\"PropertyValueSpecification\",\"valueRequired\":true,\"valueName\":\"search_term_string\"}}],\"inLanguage\":\"de\"},{\"@type\":\"Person\",\"@id\":\"https:\\\/\\\/www.grootzevert.nl\\\/#\\\/schema\\\/person\\\/5423865e98cdddadaec1179030cbf925\",\"name\":\"groot_zevert\",\"image\":{\"@type\":\"ImageObject\",\"inLanguage\":\"de\",\"@id\":\"https:\\\/\\\/secure.gravatar.com\\\/avatar\\\/d19611c05defec02836f812c93e0661f26b1dff97f2613d128335571ef77785b?s=96&d=mm&r=g\",\"url\":\"https:\\\/\\\/secure.gravatar.com\\\/avatar\\\/d19611c05defec02836f812c93e0661f26b1dff97f2613d128335571ef77785b?s=96&d=mm&r=g\",\"contentUrl\":\"https:\\\/\\\/secure.gravatar.com\\\/avatar\\\/d19611c05defec02836f812c93e0661f26b1dff97f2613d128335571ef77785b?s=96&d=mm&r=g\",\"caption\":\"groot_zevert\"}}]}<\/script>\n<!-- \/ Yoast SEO plugin. -->","yoast_head_json":{"title":"\u00dcbernahme von Groot Zevert - Groot Zevert Livestock","robots":{"index":"index","follow":"follow","max-snippet":"max-snippet:-1","max-image-preview":"max-image-preview:large","max-video-preview":"max-video-preview:-1"},"canonical":"https:\/\/www.grootzevert.nl\/de\/news\/uebernahme-von-groot-zevert\/","og_locale":"de_DE","og_type":"article","og_title":"\u00dcbernahme von Groot Zevert - Groot Zevert Livestock","og_description":"\u00dcbernahme von Groot Zevert Internationaal Transport Eibergen zum 26.8. durch Hendrie Dijk und Jan Schuttert Wir, Matthy und Marijke Groot Zevert, sahen uns leider aus gesundheitlichen Gr\u00fcnden gezwungen, unser Transportunternehmen entweder zu beenden oder an einen neuen Eigent\u00fcmer zu \u00fcbertragen. In Hendrie Dijk und Jan Schuttert haben wir verl\u00e4ssliche Nachfolger gefunden, mit denen die Kontinuit\u00e4t [&hellip;]","og_url":"https:\/\/www.grootzevert.nl\/de\/news\/uebernahme-von-groot-zevert\/","og_site_name":"Groot Zevert Livestock","article_publisher":"https:\/\/www.facebook.com\/Groot-Zevert-Transport-159543224162510\/","article_published_time":"2019-08-26T08:00:53+00:00","article_modified_time":"2021-12-23T12:42:12+00:00","author":"groot_zevert","twitter_card":"summary_large_image","twitter_misc":{"Verfasst von":"groot_zevert","Gesch\u00e4tzte Lesezeit":"2\u00a0Minuten"},"schema":{"@context":"https:\/\/schema.org","@graph":[{"@type":"Article","@id":"https:\/\/www.grootzevert.nl\/de\/news\/uebernahme-von-groot-zevert\/#article","isPartOf":{"@id":"https:\/\/www.grootzevert.nl\/de\/news\/uebernahme-von-groot-zevert\/"},"author":{"name":"groot_zevert","@id":"https:\/\/www.grootzevert.nl\/#\/schema\/person\/5423865e98cdddadaec1179030cbf925"},"headline":"\u00dcbernahme von Groot Zevert","datePublished":"2019-08-26T08:00:53+00:00","dateModified":"2021-12-23T12:42:12+00:00","mainEntityOfPage":{"@id":"https:\/\/www.grootzevert.nl\/de\/news\/uebernahme-von-groot-zevert\/"},"wordCount":374,"articleSection":["blog","News"],"inLanguage":"de"},{"@type":"WebPage","@id":"https:\/\/www.grootzevert.nl\/de\/news\/uebernahme-von-groot-zevert\/","url":"https:\/\/www.grootzevert.nl\/de\/news\/uebernahme-von-groot-zevert\/","name":"\u00dcbernahme von Groot Zevert - Groot Zevert Livestock","isPartOf":{"@id":"https:\/\/www.grootzevert.nl\/#website"},"datePublished":"2019-08-26T08:00:53+00:00","dateModified":"2021-12-23T12:42:12+00:00","author":{"@id":"https:\/\/www.grootzevert.nl\/#\/schema\/person\/5423865e98cdddadaec1179030cbf925"},"breadcrumb":{"@id":"https:\/\/www.grootzevert.nl\/de\/news\/uebernahme-von-groot-zevert\/#breadcrumb"},"inLanguage":"de","potentialAction":[{"@type":"ReadAction","target":["https:\/\/www.grootzevert.nl\/de\/news\/uebernahme-von-groot-zevert\/"]}]},{"@type":"BreadcrumbList","@id":"https:\/\/www.grootzevert.nl\/de\/news\/uebernahme-von-groot-zevert\/#breadcrumb","itemListElement":[{"@type":"ListItem","position":1,"name":"Home","item":"https:\/\/www.grootzevert.nl\/de\/"},{"@type":"ListItem","position":2,"name":"\u00dcbernahme von Groot Zevert"}]},{"@type":"WebSite","@id":"https:\/\/www.grootzevert.nl\/#website","url":"https:\/\/www.grootzevert.nl\/","name":"Groot Zevert Livestock","description":"","potentialAction":[{"@type":"SearchAction","target":{"@type":"EntryPoint","urlTemplate":"https:\/\/www.grootzevert.nl\/?s={search_term_string}"},"query-input":{"@type":"PropertyValueSpecification","valueRequired":true,"valueName":"search_term_string"}}],"inLanguage":"de"},{"@type":"Person","@id":"https:\/\/www.grootzevert.nl\/#\/schema\/person\/5423865e98cdddadaec1179030cbf925","name":"groot_zevert","image":{"@type":"ImageObject","inLanguage":"de","@id":"https:\/\/secure.gravatar.com\/avatar\/d19611c05defec02836f812c93e0661f26b1dff97f2613d128335571ef77785b?s=96&d=mm&r=g","url":"https:\/\/secure.gravatar.com\/avatar\/d19611c05defec02836f812c93e0661f26b1dff97f2613d128335571ef77785b?s=96&d=mm&r=g","contentUrl":"https:\/\/secure.gravatar.com\/avatar\/d19611c05defec02836f812c93e0661f26b1dff97f2613d128335571ef77785b?s=96&d=mm&r=g","caption":"groot_zevert"}}]}},"_links":{"self":[{"href":"https:\/\/www.grootzevert.nl\/de\/wp-json\/wp\/v2\/posts\/567","targetHints":{"allow":["GET"]}}],"collection":[{"href":"https:\/\/www.grootzevert.nl\/de\/wp-json\/wp\/v2\/posts"}],"about":[{"href":"https:\/\/www.grootzevert.nl\/de\/wp-json\/wp\/v2\/types\/post"}],"author":[{"embeddable":true,"href":"https:\/\/www.grootzevert.nl\/de\/wp-json\/wp\/v2\/users\/3"}],"replies":[{"embeddable":true,"href":"https:\/\/www.grootzevert.nl\/de\/wp-json\/wp\/v2\/comments?post=567"}],"version-history":[{"count":2,"href":"https:\/\/www.grootzevert.nl\/de\/wp-json\/wp\/v2\/posts\/567\/revisions"}],"predecessor-version":[{"id":569,"href":"https:\/\/www.grootzevert.nl\/de\/wp-json\/wp\/v2\/posts\/567\/revisions\/569"}],"wp:attachment":[{"href":"https:\/\/www.grootzevert.nl\/de\/wp-json\/wp\/v2\/media?parent=567"}],"wp:term":[{"taxonomy":"category","embeddable":true,"href":"https:\/\/www.grootzevert.nl\/de\/wp-json\/wp\/v2\/categories?post=567"},{"taxonomy":"post_tag","embeddable":true,"href":"https:\/\/www.grootzevert.nl\/de\/wp-json\/wp\/v2\/tags?post=567"}],"curies":[{"name":"wp","href":"https:\/\/api.w.org\/{rel}","templated":true}]}}